{"id":572,"__str__":"Decreto Legislativo n\u00ba 180, de 22 de setembro de 2023","link_detail_backend":"/norma/572","metadata":{},"texto_integral":"http://sapl.buritis.ro.leg.br/media/sapl/public/normajuridica/2023/572/decreto_no_180-2023.pdf","numero":"180","ano":2023,"esfera_federacao":"M","data":"2023-09-22","data_publicacao":null,"veiculo_publicacao":"","pagina_inicio_publicacao":null,"pagina_fim_publicacao":null,"ementa":"\"Disp\u00f5e sobre a autoriza\u00e7\u00e3o excepcional e por tempo determinado do Vereador Adriano de Almeida Lima em ser condutor da frota de ve\u00edculos pertencentes 'a C\u00e2mara Municipal de Buritis\"","indexacao":"","observacao":"","complemento":false,"data_vigencia":null,"timestamp":"2023-10-11T09:02:33.843425-04:00","data_ultima_atualizacao":"2023-10-11T09:02:34.034958-04:00","ip":"160.238.243.250","ultima_edicao":"2023-10-11T08:50:40.986802-04:00","tipo":5,"materia":null,"orgao":null,"user":6,"assuntos":[],"autores":[]}