{"id":107,"__str__":"Decreto Legislativo-GPRES n\u00ba 62, de 15 de junho de 2022","link_detail_backend":"/norma/107","metadata":{},"texto_integral":"http://sapl.buritis.ro.leg.br/media/sapl/public/normajuridica/2022/107/decreto_no_062-2022.pdf","numero":"62","ano":2022,"esfera_federacao":"M","data":"2022-06-15","data_publicacao":"2022-06-15","veiculo_publicacao":"Mural da C\u00e2mara Municipal de Buritis","pagina_inicio_publicacao":1,"pagina_fim_publicacao":1,"ementa":"\"Disp\u00f5e sobre a nomea\u00e7\u00e3o dos aprovados no Concurso para ocupar os respectivos cargos de provimento efetivo em conformidade com o Edital de N\u00ba 001/2020, do Concurso P\u00fablico da C\u00e2mara Municipal de Buritis - RO\"","indexacao":"O Presidente da C\u00e2mara Municipal de Buritis, no uso das suas atribui\u00e7\u00f5es \r\nlegais, conferidas pela Lei Org\u00e2nica do Munic\u00edpio de Buritis e do Reigimento Interno da \r\nC\u00e2mara Municipal DECRETA: \r\n\r\nArt. 1\u00ba Fica nomeado para o Cargo de Copeira, no quadro de funcion\u00e1rios da \r\nC\u00e2mara Municipal de Buritis - RO, a Sra Karina do Nascimento Ot\u00e1vio de Matos, \r\nportadora do CPF: 021.887.232-10, com todos os direitos e obriga\u00e7\u00f5es decorrentes do \r\ncargo. \r\n\r\nArt. 2\u00ba Fica nomeado para o Cargo de Motorista, no quadro de funcion\u00e1rios da \r\nC\u00e2mara Municipal de Buritis - RO, o Sr. Cleiton Ilgledisom Rodrigues Silva, portador do \r\nCPF: 033.443.942-66, com todos os direitos e obriga\u00e7\u00f5es decorrentes do cargo. \r\n\r\nArt. 3\u00ba Os nomeados far\u00e3o jus aos vencimentos previstos em lei e dever\u00e3o \r\ncumprir o est\u00e1gio probat\u00f3rio, nos termos da Lei Municipal 164912022. \r\n\r\nArt. 4\u00ba Este Decreto entra em vigor na data de sua publica\u00e7\u00e3o. \r\n\r\nGabinete da Presid\u00eancia da C\u00e2mara Municipal de Buritis, aos quinze dias do \r\nm\u00eas de junho do ano de dois mil e vinte e dois.","observacao":"","complemento":false,"data_vigencia":null,"timestamp":"2023-06-20T13:10:32.851119-04:00","data_ultima_atualizacao":"2023-06-20T13:10:32.851337-04:00","ip":"138.94.162.7","ultima_edicao":"2023-06-20T13:10:32.709826-04:00","tipo":5,"materia":null,"orgao":2,"user":23,"assuntos":[12],"autores":[]}