{"id":99,"__str__":"Indica\u00e7\u00e3o n\u00ba 27 de 2023","link_detail_backend":"/materia/99","metadata":{},"numero":27,"ano":2023,"numero_protocolo":null,"data_apresentacao":"2023-03-27","tipo_apresentacao":"E","data_publicacao":null,"numero_origem_externa":"","ano_origem_externa":null,"data_origem_externa":null,"apelido":"","dias_prazo":null,"data_fim_prazo":null,"em_tramitacao":false,"polemica":false,"objeto":"","complementar":false,"ementa":"Que seja realizado manuten\u00e7\u00e3o em cabeceira/barranco de ponte, localizada no final da Linha 03, Marco Vinte.","indexacao":"O vereador que ao final subscreve, ap\u00f3s visita a respectiva localidade, verificou que est\u00e1 se abrindo uma cratera na cabeceira da respectiva\r\nponte, impedindo a passagem de ve\u00edculos e principalmente do \u00f4nibus escolar, prejudicando desta forma, alunos irem a escola, bem como o direito de ir e vir do cidad\u00e3o.","observacao":"","resultado":"","texto_original":"http://sapl.buritis.ro.leg.br/media/sapl/public/materialegislativa/2023/99/indicacao_no_027-2023.pdf","data_ultima_atualizacao":"2023-05-08T11:44:04.385058-04:00","ip":"138.94.162.7","ultima_edicao":"2023-04-10T08:28:54.119185-04:00","tipo":8,"regime_tramitacao":1,"tipo_origem_externa":null,"local_origem_externa":null,"user":6,"anexadas":[],"autores":[25]}