{"id":95,"__str__":"Indica\u00e7\u00e3o n\u00ba 23 de 2023","link_detail_backend":"/materia/95","metadata":{},"numero":23,"ano":2023,"numero_protocolo":null,"data_apresentacao":"2023-03-27","tipo_apresentacao":"E","data_publicacao":null,"numero_origem_externa":"","ano_origem_externa":null,"data_origem_externa":null,"apelido":"","dias_prazo":null,"data_fim_prazo":null,"em_tramitacao":false,"polemica":false,"objeto":"","complementar":false,"ementa":"Que seja providenciado um abrigo para os estudantes no ponto de \u00f4nibus em frente \u00e0 Ch\u00e1cara da ACIB.","indexacao":"A presente indica\u00e7\u00e3o foi motivada pela necessidade de proporcionar conforto e seguran\u00e7a aos alunos das escolas da rede p\u00fablica de ensino que se\r\nutilizam do transporte escolar e ficam desabrigados, sujeitos \u00e0s intemp\u00e9ries do clima enquanto aguardam a chegada do transporte.","observacao":"","resultado":"","texto_original":"http://sapl.buritis.ro.leg.br/media/sapl/public/materialegislativa/2023/95/indicacao_no_023-2023.pdf","data_ultima_atualizacao":"2023-05-08T11:47:33.171184-04:00","ip":"138.94.162.7","ultima_edicao":"2023-04-10T08:23:30.246368-04:00","tipo":8,"regime_tramitacao":1,"tipo_origem_externa":null,"local_origem_externa":null,"user":6,"anexadas":[],"autores":[44]}