{"id":668,"__str__":"Indica\u00e7\u00e3o n\u00ba 60 de 2024","link_detail_backend":"/materia/668","metadata":{},"numero":60,"ano":2024,"numero_protocolo":null,"data_apresentacao":"2024-04-15","tipo_apresentacao":"E","data_publicacao":null,"numero_origem_externa":"","ano_origem_externa":null,"data_origem_externa":null,"apelido":"","dias_prazo":null,"data_fim_prazo":null,"em_tramitacao":false,"polemica":false,"objeto":"","complementar":false,"ementa":"Que sejam tomadas provid\u00eancias cab\u00edveis com urg\u00eancia na quest\u00e3o da ilumina\u00e7\u00e3o p\u00fablica no seguinte endere\u00e7o:\r\nI Rua Presidente Medici, no Setor 02, em frente ao numero resid\u00eancia 1427 \r\nII. Rua: Primo Amaral, no Setor 03, entre as ruas Nova Mamor\u00e1 e a Rui Barbosa. \r\nIII. Rua: Bel\u00e9m, no Setor 07, entre as ruas Paulo Freire e a Anua Maria Kien.","indexacao":"Providencias na quest\u00e3o da ilumina\u00e7\u00e3o p\u00fablica.","observacao":"","resultado":"","texto_original":"http://sapl.buritis.ro.leg.br/media/sapl/public/materialegislativa/2024/668/indicacao_no_060-2021.pdf","data_ultima_atualizacao":"2024-04-30T08:35:29.268685-04:00","ip":"186.219.250.213","ultima_edicao":"2024-04-29T11:58:20.086639-04:00","tipo":8,"regime_tramitacao":1,"tipo_origem_externa":null,"local_origem_externa":null,"user":26,"anexadas":[],"autores":[44]}