{"id":485,"__str__":"Projeto de Lei Ordin\u00e1ria n\u00ba 182 de 2023","link_detail_backend":"/materia/485","metadata":{},"numero":182,"ano":2023,"numero_protocolo":null,"data_apresentacao":"2023-11-27","tipo_apresentacao":"E","data_publicacao":null,"numero_origem_externa":"","ano_origem_externa":null,"data_origem_externa":null,"apelido":"","dias_prazo":null,"data_fim_prazo":null,"em_tramitacao":false,"polemica":false,"objeto":"","complementar":false,"ementa":"\"Disp\u00f5e sobre doa\u00e7\u00e3o de \u00e1rea do Munic\u00edpio ao Fundo de Arrendamento Residencial, integrante do Programa Minha Casa, Minha Vida, de que trata a Medida Provis\u00f3ria n\u00b0 1.162, de 14 de fevereiro de 2023.\"","indexacao":"Doa\u00e7\u00e3o \u00e1rea Munic\u00edpio, Minha Casa, Minha Vida, Arrendamento Residencial","observacao":"","resultado":"","texto_original":"http://sapl.buritis.ro.leg.br/media/sapl/public/materialegislativa/2023/485/projeto_de_lei_no_182-2023.pdf","data_ultima_atualizacao":"2024-04-01T12:58:40.314133-04:00","ip":"160.238.243.250","ultima_edicao":"2023-12-18T08:36:25.675455-04:00","tipo":1,"regime_tramitacao":1,"tipo_origem_externa":null,"local_origem_externa":null,"user":25,"anexadas":[],"autores":[48]}