{"id":458,"__str__":"Indica\u00e7\u00e3o n\u00ba 184 de 2023","link_detail_backend":"/materia/458","metadata":{},"numero":184,"ano":2023,"numero_protocolo":null,"data_apresentacao":"2023-11-27","tipo_apresentacao":"","data_publicacao":null,"numero_origem_externa":"","ano_origem_externa":null,"data_origem_externa":null,"apelido":"","dias_prazo":null,"data_fim_prazo":null,"em_tramitacao":false,"polemica":false,"objeto":"","complementar":false,"ementa":"Que sejam tomadas provid\u00eancias cab\u00edveis com urg\u00eancia na quest\u00e3o da ilumina\u00e7\u00e3o p\u00fablica nos seguintes endere\u00e7os:\r\n1. No Setor 06, nas Ruas: S\u00e3o Conrado em frente a casa no 1699 e na S\u00e3o Marcos\r\nem frente a casa n\u00b0 1674,\r\nII. No Setor 07, a Rua: Janair de Pauta Neto, em frente ao Condom\u00ednio Por do sol\r\ne o Comercial D\u00e1vila e,\r\nIII. No Setor 08, a Rua: Guanabara em frente a casa n\u00b0 05","indexacao":"Ilumina\u00e7\u00e3o p\u00fablica","observacao":"","resultado":"","texto_original":"http://sapl.buritis.ro.leg.br/media/sapl/public/materialegislativa/2023/458/indicacao_no_184-2023.pdf","data_ultima_atualizacao":"2023-12-15T10:15:46.867865-04:00","ip":"160.238.243.250","ultima_edicao":"2023-12-15T10:14:19.753880-04:00","tipo":8,"regime_tramitacao":1,"tipo_origem_externa":null,"local_origem_externa":null,"user":25,"anexadas":[],"autores":[44]}