{"id":395,"__str__":"Indica\u00e7\u00e3o n\u00ba 158 de 2023","link_detail_backend":"/materia/395","metadata":{},"numero":158,"ano":2023,"numero_protocolo":null,"data_apresentacao":"2023-10-23","tipo_apresentacao":"E","data_publicacao":null,"numero_origem_externa":"","ano_origem_externa":null,"data_origem_externa":null,"apelido":"","dias_prazo":null,"data_fim_prazo":null,"em_tramitacao":false,"polemica":false,"objeto":"","complementar":false,"ementa":"A reitera\u00e7\u00e3o da Indica\u00e7\u00e3o n\u00ba 210, do dia quatorze de junho de 2021, feita por este gabinete onde indica a implanta\u00e7\u00e3o do Monitoramento e Rastreamento para a frota de ve\u00edculos p\u00fablicos do munic\u00edpio.","indexacao":"","observacao":"","resultado":"","texto_original":"http://sapl.buritis.ro.leg.br/media/sapl/public/materialegislativa/2023/395/indicacao_no_158-2023.pdf","data_ultima_atualizacao":"2023-10-31T13:43:03.784609-04:00","ip":"160.238.243.250","ultima_edicao":"2023-10-31T11:33:45.525200-04:00","tipo":8,"regime_tramitacao":1,"tipo_origem_externa":null,"local_origem_externa":null,"user":6,"anexadas":[],"autores":[44]}