{"id":356,"__str__":"Projeto de Lei Ordin\u00e1ria n\u00ba 150 de 2023","link_detail_backend":"/materia/356","metadata":{},"numero":150,"ano":2023,"numero_protocolo":null,"data_apresentacao":"2023-10-02","tipo_apresentacao":"E","data_publicacao":null,"numero_origem_externa":"","ano_origem_externa":null,"data_origem_externa":null,"apelido":"","dias_prazo":null,"data_fim_prazo":null,"em_tramitacao":false,"polemica":false,"objeto":"","complementar":false,"ementa":"Disp\u00f5e acerca da denomina\u00e7\u00e3o da Ciclofaixa Laudenir Aparecido Pedroso","indexacao":"denomina\u00e7\u00e3o da Ciclofaixa Laudenir Aparecido Pedroso","observacao":"","resultado":"","texto_original":"http://sapl.buritis.ro.leg.br/media/sapl/public/materialegislativa/2023/356/projeto_de_lei_no_150-2023.pdf","data_ultima_atualizacao":"2023-10-20T11:04:53.058542-04:00","ip":"160.238.243.250","ultima_edicao":"2023-10-05T12:54:58.461243-04:00","tipo":1,"regime_tramitacao":1,"tipo_origem_externa":null,"local_origem_externa":null,"user":6,"anexadas":[974],"autores":[22,38]}