{"id":331,"__str__":"Projeto de Lei Ordin\u00e1ria n\u00ba 140 de 2023","link_detail_backend":"/materia/331","metadata":{},"numero":140,"ano":2023,"numero_protocolo":null,"data_apresentacao":"2023-09-18","tipo_apresentacao":"E","data_publicacao":null,"numero_origem_externa":"","ano_origem_externa":null,"data_origem_externa":null,"apelido":"","dias_prazo":null,"data_fim_prazo":null,"em_tramitacao":false,"polemica":false,"objeto":"","complementar":false,"ementa":"\u201cDisp\u00f5e sobre a implanta\u00e7\u00e3o de forma complementar o Piso Salarial Nacional do Enfermeiro, do T\u00e9cnico de Enfermagem e do Auxiliar de  Enfermagem.\u201d","indexacao":"Piso Salarial - Enfermeiro, do T\u00e9cnico de Enfermagem e do Auxiliar de  Enfermagem","observacao":"","resultado":"","texto_original":"http://sapl.buritis.ro.leg.br/media/sapl/public/materialegislativa/2023/331/projeto_de_lei_no_140-2023.pdf","data_ultima_atualizacao":"2023-10-10T09:11:05.718536-04:00","ip":"160.238.243.250","ultima_edicao":"2023-09-20T10:46:04.408847-04:00","tipo":1,"regime_tramitacao":1,"tipo_origem_externa":null,"local_origem_externa":null,"user":6,"anexadas":[],"autores":[48]}