{"id":221,"__str__":"Requerimento n\u00ba 22 de 2023","link_detail_backend":"/materia/221","metadata":{},"numero":22,"ano":2023,"numero_protocolo":null,"data_apresentacao":"2023-06-26","tipo_apresentacao":"E","data_publicacao":null,"numero_origem_externa":"","ano_origem_externa":null,"data_origem_externa":null,"apelido":"","dias_prazo":null,"data_fim_prazo":null,"em_tramitacao":false,"polemica":false,"objeto":"","complementar":false,"ementa":"Que seja antecipada a 23\u00aa (Vig\u00e9sima Terceira) Sess\u00e3o Ordin\u00e1ria para o dia 28 de Junho de 2023 (Quarta-Feira), \u00e0s 15 horas.","indexacao":"Que seja antecipada a 23\u00aa (Vig\u00e9sima Terceira) Sess\u00e3o Ordin\u00e1ria para o dia 28 de Junho de 2023 (Quarta-Feira), \u00e0s 15 horas.","observacao":"","resultado":"","texto_original":"http://sapl.buritis.ro.leg.br/media/sapl/public/materialegislativa/2023/221/requerimento_no_022-2023.pdf","data_ultima_atualizacao":"2023-06-30T11:41:20.029531-04:00","ip":"160.238.243.249","ultima_edicao":"2023-06-30T10:04:53.909382-04:00","tipo":3,"regime_tramitacao":1,"tipo_origem_externa":null,"local_origem_externa":null,"user":6,"anexadas":[],"autores":[47]}